{"id":9956,"date":"2026-03-14T18:32:19","date_gmt":"2026-03-14T17:32:19","guid":{"rendered":"https:\/\/cyclepoitevin86.fr\/?p=9956"},"modified":"2026-03-15T21:00:49","modified_gmt":"2026-03-15T20:00:49","slug":"resultats-du-week-end","status":"publish","type":"post","link":"https:\/\/cyclepoitevin86.fr\/index.php\/2026\/03\/14\/resultats-du-week-end\/","title":{"rendered":"R\u00e9sultats du week-end"},"content":{"rendered":"\n<p style=\"font-size:22px\">Les premiers r\u00e9sultats du weekend sont \u00e0 mettre \u00e0 l&rsquo;actif des coureurs de la section UFOLEP.<\/p>\n\n\n\n<p style=\"font-size:22px\">A Ling\u00e9 (36), proche des \u00e9tangs de la Brenne, donc sur un circuit plut\u00f4t roulant<\/p>\n\n\n\n<p style=\"font-size:22px\"><strong><mark style=\"background-color:rgba(0, 0, 0, 0)\" class=\"has-inline-color has-vivid-green-cyan-color\">Victoire<\/mark><\/strong> de <a href=\"https:\/\/www.facebook.com\/arnaud.demuth.3?__cft__[0]=AZZqQvkg5pFL1jNI2nJe9lEUhdqPCIAfPOg5masfLngn1hNvCOeRVWIYFFoaKPmMnm9dez9X8znjuK4JMzieRgWW073h1cHZMRPz28IUF_zMeZF-Seyy2SdvkiAGlWIjT4uRv-qRQtwATiWwKInqOZDQq_9D0E8WPNYGn8zLFCn8EEDVjECgoCJ5g5eDS9pax3w&amp;__tn__=-]K-R\"><strong><mark style=\"background-color:rgba(0, 0, 0, 0)\" class=\"has-inline-color has-vivid-green-cyan-color\">Arnaud DEMUTH<\/mark><\/strong><\/a> c&rsquo;est les 2e cat\u00e9gorie <img loading=\"lazy\" decoding=\"async\" height=\"16\" width=\"16\" src=\"https:\/\/static.xx.fbcdn.net\/images\/emoji.php\/v9\/tbe\/1\/16\/1f3c6.png\" alt=\"\ud83c\udfc6\"><img loading=\"lazy\" decoding=\"async\" height=\"16\" width=\"16\" src=\"https:\/\/static.xx.fbcdn.net\/images\/emoji.php\/v9\/tbe\/1\/16\/1f3c6.png\" alt=\"\ud83c\udfc6\"><\/p>\n\n\n\n<p style=\"font-size:22px\"><strong><mark style=\"background-color:rgba(0, 0, 0, 0)\" class=\"has-inline-color has-vivid-green-cyan-color\">2eme<\/mark><\/strong> place pour <strong><mark style=\"background-color:rgba(0, 0, 0, 0)\" class=\"has-inline-color has-vivid-green-cyan-color\">Patrick BONNET<\/mark><\/strong>, en 4e cat\u00e9gorie <img loading=\"lazy\" decoding=\"async\" height=\"16\" width=\"16\" src=\"https:\/\/static.xx.fbcdn.net\/images\/emoji.php\/v9\/t15\/1\/16\/1f948.png\" alt=\"\ud83e\udd48\"><\/p>\n\n\n\n<figure class=\"wp-block-gallery has-nested-images columns-default is-cropped wp-block-gallery-1 is-layout-flex wp-block-gallery-is-layout-flex\">\n<figure class=\"wp-block-image size-large\"><img loading=\"lazy\" decoding=\"async\" width=\"768\" height=\"1024\" data-id=\"9957\" src=\"https:\/\/cyclepoitevin86.fr\/wp-content\/uploads\/2026\/03\/651781744_1560608556065102_1271108983058369730_n-768x1024.jpg\" alt=\"\" class=\"wp-image-9957\" srcset=\"https:\/\/cyclepoitevin86.fr\/wp-content\/uploads\/2026\/03\/651781744_1560608556065102_1271108983058369730_n-768x1024.jpg 768w, https:\/\/cyclepoitevin86.fr\/wp-content\/uploads\/2026\/03\/651781744_1560608556065102_1271108983058369730_n-225x300.jpg 225w, https:\/\/cyclepoitevin86.fr\/wp-content\/uploads\/2026\/03\/651781744_1560608556065102_1271108983058369730_n-1152x1536.jpg 1152w, https:\/\/cyclepoitevin86.fr\/wp-content\/uploads\/2026\/03\/651781744_1560608556065102_1271108983058369730_n.jpg 1530w\" sizes=\"auto, (max-width: 768px) 100vw, 768px\" \/><\/figure>\n\n\n\n<figure class=\"wp-block-image size-large\"><img loading=\"lazy\" decoding=\"async\" width=\"1024\" height=\"768\" data-id=\"9958\" src=\"https:\/\/cyclepoitevin86.fr\/wp-content\/uploads\/2026\/03\/651723156_1560608596065098_6696292311708705878_n-1024x768.jpg\" alt=\"\" class=\"wp-image-9958\" srcset=\"https:\/\/cyclepoitevin86.fr\/wp-content\/uploads\/2026\/03\/651723156_1560608596065098_6696292311708705878_n-1024x768.jpg 1024w, https:\/\/cyclepoitevin86.fr\/wp-content\/uploads\/2026\/03\/651723156_1560608596065098_6696292311708705878_n-300x225.jpg 300w, https:\/\/cyclepoitevin86.fr\/wp-content\/uploads\/2026\/03\/651723156_1560608596065098_6696292311708705878_n-768x576.jpg 768w, https:\/\/cyclepoitevin86.fr\/wp-content\/uploads\/2026\/03\/651723156_1560608596065098_6696292311708705878_n-1536x1152.jpg 1536w, https:\/\/cyclepoitevin86.fr\/wp-content\/uploads\/2026\/03\/651723156_1560608596065098_6696292311708705878_n.jpg 2048w\" sizes=\"auto, (max-width: 1024px) 100vw, 1024px\" \/><\/figure>\n<\/figure>\n\n\n\n<p style=\"font-size:22px\">Pour nos coureurs FFC, trois d&rsquo;entre eux se sont retrouv\u00e9s au d\u00e9part de l&rsquo;\u00e9preuve d&rsquo;Aizenay (85), parmi un peloton d&rsquo;une centaine de coureurs des cat\u00e9gories open 2\/3<\/p>\n\n\n\n<p style=\"font-size:22px\">Pr\u00e9sent dans la bonne \u00e9chapp\u00e9e d&rsquo;un groupe de 13 hommes, <strong><mark style=\"background-color:rgba(0, 0, 0, 0)\" class=\"has-inline-color has-vivid-green-cyan-color\">Paul GRIMAL <\/mark><\/strong>prend la <strong><mark style=\"background-color:rgba(0, 0, 0, 0)\" class=\"has-inline-color has-vivid-green-cyan-color\">7\u00e8me<\/mark><\/strong> place<\/p>\n\n\n\n<p style=\"font-size:22px\"><strong><mark style=\"background-color:rgba(0, 0, 0, 0)\" class=\"has-inline-color has-vivid-green-cyan-color\">Jules GASCHET<\/mark><\/strong> et <strong><mark style=\"background-color:rgba(0, 0, 0, 0)\" class=\"has-inline-color has-vivid-green-cyan-color\">Robin GRIMAL<\/mark><\/strong>, nos deux U19, ont fait une belle course, en t\u00eate de peloton, mets une lourde chute massive, d&rsquo;une quarantaine de coureurs, \u00e0 5 km de l&rsquo;arriv\u00e9e, a ruin\u00e9 leurs chances.<\/p>\n\n\n\n<p style=\"font-size:22px\"><strong><mark style=\"background-color:rgba(0, 0, 0, 0)\" class=\"has-inline-color has-vivid-green-cyan-color\">Robin<\/mark><\/strong> s&rsquo;en sort avec un beau soleil dans un champs pour \u00e9viter le tas de coureurs.<\/p>\n\n\n\n<p style=\"font-size:22px\"><strong><mark style=\"background-color:rgba(0, 0, 0, 0)\" class=\"has-inline-color has-vivid-green-cyan-color\">Jules<\/mark><\/strong> \u00e9vite la chute, mais se fait percuter par l&rsquo;arri\u00e8re, ce qui occasionne \u00e9galement un beau soleil mais sur le goudron.<\/p>\n\n\n\n<p style=\"font-size:22px\">Nous leur souhaitons un bon r\u00e9tablissement et esp\u00e9rons les retrouver au plus vite aux avant-postes<\/p>\n\n\n\n<p style=\"font-size:22px\">Retour de <strong><mark style=\"background-color:rgba(0, 0, 0, 0)\" class=\"has-inline-color has-vivid-green-cyan-color\">Robin<\/mark><\/strong> : \u00ab\u00a0Moi j\u2019arrive \u00e0 me d\u00e9brouiller pour tomber dans le champ mais je me prends un v\u00e9lo \u00e0 l\u2019arri\u00e8re de l\u2019\u00e9paule et j\u2019ai mal au genoux mais je pense qu\u2019on peux s\u2019estimer heureux par rapport \u00e0 certain qui avait l\u2019air mal\u00a0\u00bb<\/p>\n\n\n\n<p style=\"font-size:22px\">Retour de<strong><mark style=\"background-color:rgba(0, 0, 0, 0)\" class=\"has-inline-color has-vivid-green-cyan-color\"> Jules<\/mark><\/strong> : \u00ab\u00a0Malheureusement aujourd\u2019hui je n\u2019ai pas eu trop de chance j\u2019\u00e9tais bien toute la course et j\u2019ai r\u00e9ussi plut\u00f4t \u00e0 bien me placer mais malheureusement au dernier tour je chute \u00e0 5km de l\u2019arriv\u00e9e. Tout de m\u00eame plus de peur que de mal m\u00eame si le v\u00e9lo est un peu endommag\u00e9\u00a0\u00bb<\/p>\n\n\n\n<figure class=\"wp-block-gallery has-nested-images columns-default is-cropped wp-block-gallery-2 is-layout-flex wp-block-gallery-is-layout-flex\">\n<figure class=\"wp-block-image size-large\"><img loading=\"lazy\" decoding=\"async\" width=\"1024\" height=\"686\" data-id=\"9968\" src=\"https:\/\/cyclepoitevin86.fr\/wp-content\/uploads\/2026\/03\/I-1-1024x686.jpg\" alt=\"\" class=\"wp-image-9968\" srcset=\"https:\/\/cyclepoitevin86.fr\/wp-content\/uploads\/2026\/03\/I-1-1024x686.jpg 1024w, https:\/\/cyclepoitevin86.fr\/wp-content\/uploads\/2026\/03\/I-1-300x201.jpg 300w, https:\/\/cyclepoitevin86.fr\/wp-content\/uploads\/2026\/03\/I-1-768x514.jpg 768w, https:\/\/cyclepoitevin86.fr\/wp-content\/uploads\/2026\/03\/I-1-1536x1028.jpg 1536w, https:\/\/cyclepoitevin86.fr\/wp-content\/uploads\/2026\/03\/I-1.jpg 2048w\" sizes=\"auto, (max-width: 1024px) 100vw, 1024px\" \/><figcaption class=\"wp-element-caption\">SONY DSC<\/figcaption><\/figure>\n\n\n\n<figure class=\"wp-block-image size-large\"><img loading=\"lazy\" decoding=\"async\" width=\"1024\" height=\"686\" data-id=\"9974\" src=\"https:\/\/cyclepoitevin86.fr\/wp-content\/uploads\/2026\/03\/A-2-1024x686.jpg\" alt=\"\" class=\"wp-image-9974\" srcset=\"https:\/\/cyclepoitevin86.fr\/wp-content\/uploads\/2026\/03\/A-2-1024x686.jpg 1024w, https:\/\/cyclepoitevin86.fr\/wp-content\/uploads\/2026\/03\/A-2-300x201.jpg 300w, https:\/\/cyclepoitevin86.fr\/wp-content\/uploads\/2026\/03\/A-2-768x514.jpg 768w, https:\/\/cyclepoitevin86.fr\/wp-content\/uploads\/2026\/03\/A-2-1536x1028.jpg 1536w, https:\/\/cyclepoitevin86.fr\/wp-content\/uploads\/2026\/03\/A-2.jpg 2048w\" sizes=\"auto, (max-width: 1024px) 100vw, 1024px\" \/><figcaption class=\"wp-element-caption\">SONY DSC<\/figcaption><\/figure>\n\n\n\n<figure class=\"wp-block-image size-large\"><img loading=\"lazy\" decoding=\"async\" width=\"1024\" height=\"686\" data-id=\"9975\" src=\"https:\/\/cyclepoitevin86.fr\/wp-content\/uploads\/2026\/03\/B-2-1024x686.jpg\" alt=\"\" class=\"wp-image-9975\" srcset=\"https:\/\/cyclepoitevin86.fr\/wp-content\/uploads\/2026\/03\/B-2-1024x686.jpg 1024w, https:\/\/cyclepoitevin86.fr\/wp-content\/uploads\/2026\/03\/B-2-300x201.jpg 300w, https:\/\/cyclepoitevin86.fr\/wp-content\/uploads\/2026\/03\/B-2-768x514.jpg 768w, https:\/\/cyclepoitevin86.fr\/wp-content\/uploads\/2026\/03\/B-2-1536x1028.jpg 1536w, https:\/\/cyclepoitevin86.fr\/wp-content\/uploads\/2026\/03\/B-2.jpg 2048w\" sizes=\"auto, (max-width: 1024px) 100vw, 1024px\" \/><figcaption class=\"wp-element-caption\">SONY DSC<\/figcaption><\/figure>\n\n\n\n<figure class=\"wp-block-image size-large\"><img loading=\"lazy\" decoding=\"async\" width=\"1024\" height=\"686\" data-id=\"9973\" src=\"https:\/\/cyclepoitevin86.fr\/wp-content\/uploads\/2026\/03\/D-2-1024x686.jpg\" alt=\"\" class=\"wp-image-9973\" srcset=\"https:\/\/cyclepoitevin86.fr\/wp-content\/uploads\/2026\/03\/D-2-1024x686.jpg 1024w, https:\/\/cyclepoitevin86.fr\/wp-content\/uploads\/2026\/03\/D-2-300x201.jpg 300w, https:\/\/cyclepoitevin86.fr\/wp-content\/uploads\/2026\/03\/D-2-768x514.jpg 768w, https:\/\/cyclepoitevin86.fr\/wp-content\/uploads\/2026\/03\/D-2-1536x1028.jpg 1536w, https:\/\/cyclepoitevin86.fr\/wp-content\/uploads\/2026\/03\/D-2.jpg 2048w\" sizes=\"auto, (max-width: 1024px) 100vw, 1024px\" \/><figcaption class=\"wp-element-caption\">SONY DSC<\/figcaption><\/figure>\n\n\n\n<figure class=\"wp-block-image size-large\"><img loading=\"lazy\" decoding=\"async\" width=\"1024\" height=\"686\" data-id=\"9972\" src=\"https:\/\/cyclepoitevin86.fr\/wp-content\/uploads\/2026\/03\/C-1-1024x686.jpg\" alt=\"\" class=\"wp-image-9972\" srcset=\"https:\/\/cyclepoitevin86.fr\/wp-content\/uploads\/2026\/03\/C-1-1024x686.jpg 1024w, https:\/\/cyclepoitevin86.fr\/wp-content\/uploads\/2026\/03\/C-1-300x201.jpg 300w, https:\/\/cyclepoitevin86.fr\/wp-content\/uploads\/2026\/03\/C-1-768x514.jpg 768w, https:\/\/cyclepoitevin86.fr\/wp-content\/uploads\/2026\/03\/C-1-1536x1028.jpg 1536w, https:\/\/cyclepoitevin86.fr\/wp-content\/uploads\/2026\/03\/C-1.jpg 2048w\" sizes=\"auto, (max-width: 1024px) 100vw, 1024px\" \/><figcaption class=\"wp-element-caption\">SONY DSC<\/figcaption><\/figure>\n\n\n\n<figure class=\"wp-block-image size-large\"><img loading=\"lazy\" decoding=\"async\" width=\"1024\" height=\"686\" data-id=\"9971\" src=\"https:\/\/cyclepoitevin86.fr\/wp-content\/uploads\/2026\/03\/E-1-1024x686.jpg\" alt=\"\" class=\"wp-image-9971\" srcset=\"https:\/\/cyclepoitevin86.fr\/wp-content\/uploads\/2026\/03\/E-1-1024x686.jpg 1024w, https:\/\/cyclepoitevin86.fr\/wp-content\/uploads\/2026\/03\/E-1-300x201.jpg 300w, https:\/\/cyclepoitevin86.fr\/wp-content\/uploads\/2026\/03\/E-1-768x514.jpg 768w, https:\/\/cyclepoitevin86.fr\/wp-content\/uploads\/2026\/03\/E-1-1536x1028.jpg 1536w, https:\/\/cyclepoitevin86.fr\/wp-content\/uploads\/2026\/03\/E-1.jpg 2048w\" sizes=\"auto, (max-width: 1024px) 100vw, 1024px\" \/><figcaption class=\"wp-element-caption\">SONY DSC<\/figcaption><\/figure>\n\n\n\n<figure class=\"wp-block-image size-large\"><img loading=\"lazy\" decoding=\"async\" width=\"1024\" height=\"686\" data-id=\"9969\" src=\"https:\/\/cyclepoitevin86.fr\/wp-content\/uploads\/2026\/03\/G-1-1024x686.jpg\" alt=\"\" class=\"wp-image-9969\" srcset=\"https:\/\/cyclepoitevin86.fr\/wp-content\/uploads\/2026\/03\/G-1-1024x686.jpg 1024w, https:\/\/cyclepoitevin86.fr\/wp-content\/uploads\/2026\/03\/G-1-300x201.jpg 300w, https:\/\/cyclepoitevin86.fr\/wp-content\/uploads\/2026\/03\/G-1-768x514.jpg 768w, https:\/\/cyclepoitevin86.fr\/wp-content\/uploads\/2026\/03\/G-1-1536x1028.jpg 1536w, https:\/\/cyclepoitevin86.fr\/wp-content\/uploads\/2026\/03\/G-1.jpg 2048w\" sizes=\"auto, (max-width: 1024px) 100vw, 1024px\" \/><figcaption class=\"wp-element-caption\">SONY DSC<\/figcaption><\/figure>\n\n\n\n<figure class=\"wp-block-image size-large\"><img loading=\"lazy\" decoding=\"async\" width=\"768\" height=\"1024\" data-id=\"9960\" src=\"https:\/\/cyclepoitevin86.fr\/wp-content\/uploads\/2026\/03\/651904305_1560627236063234_810674144146431833_n-768x1024.jpg\" alt=\"\" class=\"wp-image-9960\" srcset=\"https:\/\/cyclepoitevin86.fr\/wp-content\/uploads\/2026\/03\/651904305_1560627236063234_810674144146431833_n-768x1024.jpg 768w, https:\/\/cyclepoitevin86.fr\/wp-content\/uploads\/2026\/03\/651904305_1560627236063234_810674144146431833_n-225x300.jpg 225w, https:\/\/cyclepoitevin86.fr\/wp-content\/uploads\/2026\/03\/651904305_1560627236063234_810674144146431833_n-1152x1536.jpg 1152w, https:\/\/cyclepoitevin86.fr\/wp-content\/uploads\/2026\/03\/651904305_1560627236063234_810674144146431833_n.jpg 1170w\" sizes=\"auto, (max-width: 768px) 100vw, 768px\" \/><\/figure>\n\n\n\n<figure class=\"wp-block-image size-large\"><img loading=\"lazy\" decoding=\"async\" width=\"768\" height=\"1024\" data-id=\"9961\" src=\"https:\/\/cyclepoitevin86.fr\/wp-content\/uploads\/2026\/03\/651630568_1560627189396572_755314377992606496_n-768x1024.jpg\" alt=\"\" class=\"wp-image-9961\" srcset=\"https:\/\/cyclepoitevin86.fr\/wp-content\/uploads\/2026\/03\/651630568_1560627189396572_755314377992606496_n-768x1024.jpg 768w, https:\/\/cyclepoitevin86.fr\/wp-content\/uploads\/2026\/03\/651630568_1560627189396572_755314377992606496_n-225x300.jpg 225w, https:\/\/cyclepoitevin86.fr\/wp-content\/uploads\/2026\/03\/651630568_1560627189396572_755314377992606496_n-1152x1536.jpg 1152w, https:\/\/cyclepoitevin86.fr\/wp-content\/uploads\/2026\/03\/651630568_1560627189396572_755314377992606496_n.jpg 1536w\" sizes=\"auto, (max-width: 768px) 100vw, 768px\" \/><\/figure>\n<\/figure>\n\n\n\n<p style=\"font-size:22px\">Nos jeunes de l&rsquo;Ecole de v\u00e9lo se sont rendus sur l&rsquo;anneau du Verger, \u00e0 Ch\u00e2tellerault, pour disputer leur premi\u00e8re rencontre de l&rsquo;ann\u00e9e.<\/p>\n\n\n\n<p style=\"font-size:22px\">Parmi les 65 \u00ab\u00a0futurs champions peut \u00eatre\u00a0\u00bb, r\u00e9partis en 12 clubs, beaucoup de \u00ab\u00a0Vert et jaune\u00a0\u00bb pr\u00e9sents<\/p>\n\n\n\n<p style=\"font-size:22px\">De bons r\u00e9sultats qui ont permis au club de remporter le classement Club <img loading=\"lazy\" decoding=\"async\" height=\"16\" width=\"16\" alt=\"\ud83c\udfc6\" src=\"https:\/\/static.xx.fbcdn.net\/images\/emoji.php\/v9\/tbe\/1\/16\/1f3c6.png\">, devant l&rsquo;UV Poitiers et Bressuire AC<\/p>\n\n\n\n<p style=\"font-size:22px\"><em><strong>U7 :<\/strong><\/em><\/p>\n\n\n\n<p style=\"font-size:22px\">2\u00e8me Ars\u00e8ne MICHELET <img loading=\"lazy\" decoding=\"async\" height=\"16\" width=\"16\" src=\"https:\/\/static.xx.fbcdn.net\/images\/emoji.php\/v9\/t15\/1\/16\/1f948.png\" alt=\"\ud83e\udd48\"> &#8211; 4\u00e8me Alba BICHAUD<\/p>\n\n\n\n<p style=\"font-size:22px\"><strong><em>U9 :<\/em><\/strong><\/p>\n\n\n\n<p style=\"font-size:22px\">4\u00e8me Maxime DE LESTAPIS &#8211; 5\u00e8me Arthur BREMOND<\/p>\n\n\n\n<p style=\"font-size:22px\"><strong><em>U11 :<\/em><\/strong><\/p>\n\n\n\n<p style=\"font-size:22px\">3\u00e8me Ilyam REECE <img loading=\"lazy\" decoding=\"async\" height=\"16\" width=\"16\" src=\"https:\/\/static.xx.fbcdn.net\/images\/emoji.php\/v9\/t96\/1\/16\/1f949.png\" alt=\"\ud83e\udd49\"> &#8211; 6\u00e8me Thibault HAY &#8211; 8\u00e8me William FILS &#8211; 10\u00e8me Pierre AUGROS &#8211; 11\u00e8me Louis LAGEON<\/p>\n\n\n\n<p style=\"font-size:22px\"><strong><em>U13 :<\/em><\/strong><\/p>\n\n\n\n<p style=\"font-size:22px\">5\u00e8me Alfred TELLIER &#8211; 9\u00e8me C\u00f4me DINDINAUD<\/p>\n\n\n\n<p style=\"font-size:22px\"><strong><em>U15 :<\/em><\/strong><\/p>\n\n\n\n<p style=\"font-size:22px\">6\u00e8me Ettor\u00e9 BICHAUD &#8211; 9\u00e8me Clovis BLICAULT &#8211; 10\u00e8me Antonin GRIMAL &#8211; 12\u00e8me Augustin TELLIER<\/p>\n\n\n\n<figure class=\"wp-block-gallery has-nested-images columns-default is-cropped wp-block-gallery-3 is-layout-flex wp-block-gallery-is-layout-flex\">\n<figure class=\"wp-block-image size-large\"><img loading=\"lazy\" decoding=\"async\" width=\"960\" height=\"720\" data-id=\"9964\" src=\"https:\/\/cyclepoitevin86.fr\/wp-content\/uploads\/2026\/03\/652485497_10237220086155283_706589132177162862_n.jpg\" alt=\"\" class=\"wp-image-9964\" srcset=\"https:\/\/cyclepoitevin86.fr\/wp-content\/uploads\/2026\/03\/652485497_10237220086155283_706589132177162862_n.jpg 960w, https:\/\/cyclepoitevin86.fr\/wp-content\/uploads\/2026\/03\/652485497_10237220086155283_706589132177162862_n-300x225.jpg 300w, https:\/\/cyclepoitevin86.fr\/wp-content\/uploads\/2026\/03\/652485497_10237220086155283_706589132177162862_n-768x576.jpg 768w\" sizes=\"auto, (max-width: 960px) 100vw, 960px\" \/><\/figure>\n\n\n\n<figure class=\"wp-block-image size-large\"><img loading=\"lazy\" decoding=\"async\" width=\"960\" height=\"720\" data-id=\"9965\" src=\"https:\/\/cyclepoitevin86.fr\/wp-content\/uploads\/2026\/03\/651900057_10237220088235335_8259644847779333868_n.jpg\" alt=\"\" class=\"wp-image-9965\" srcset=\"https:\/\/cyclepoitevin86.fr\/wp-content\/uploads\/2026\/03\/651900057_10237220088235335_8259644847779333868_n.jpg 960w, https:\/\/cyclepoitevin86.fr\/wp-content\/uploads\/2026\/03\/651900057_10237220088235335_8259644847779333868_n-300x225.jpg 300w, https:\/\/cyclepoitevin86.fr\/wp-content\/uploads\/2026\/03\/651900057_10237220088235335_8259644847779333868_n-768x576.jpg 768w\" sizes=\"auto, (max-width: 960px) 100vw, 960px\" \/><\/figure>\n\n\n\n<figure class=\"wp-block-image size-large\"><img loading=\"lazy\" decoding=\"async\" width=\"960\" height=\"720\" data-id=\"9966\" src=\"https:\/\/cyclepoitevin86.fr\/wp-content\/uploads\/2026\/03\/651704855_10237220083355213_6693431870567968474_n.jpg\" alt=\"\" class=\"wp-image-9966\" srcset=\"https:\/\/cyclepoitevin86.fr\/wp-content\/uploads\/2026\/03\/651704855_10237220083355213_6693431870567968474_n.jpg 960w, https:\/\/cyclepoitevin86.fr\/wp-content\/uploads\/2026\/03\/651704855_10237220083355213_6693431870567968474_n-300x225.jpg 300w, https:\/\/cyclepoitevin86.fr\/wp-content\/uploads\/2026\/03\/651704855_10237220083355213_6693431870567968474_n-768x576.jpg 768w\" sizes=\"auto, (max-width: 960px) 100vw, 960px\" \/><\/figure>\n<\/figure>\n\n\n\n<p style=\"font-size:22px\">Ce dimanche, 5 coureurs de notre Team U17, se sont rendus \u00e0 Bl\u00e9r\u00e9 (37) pour une \u00e9preuve un peu particuli\u00e8re puisqu&rsquo; \u00e0 chaque tour, le passage dans un chemin blanc.<\/p>\n\n\n\n<p style=\"font-size:22px\">Encore un joli comportement de nos coureurs avec la <strong><mark style=\"background-color:rgba(0, 0, 0, 0)\" class=\"has-inline-color has-vivid-green-cyan-color\">4eme<\/mark><\/strong> place de <strong><mark style=\"background-color:rgba(0, 0, 0, 0)\" class=\"has-inline-color has-vivid-green-cyan-color\">Tom Chollet<\/mark><\/strong> et la <strong><mark style=\"background-color:rgba(0, 0, 0, 0)\" class=\"has-inline-color has-vivid-green-cyan-color\">7eme <\/mark><\/strong>de <strong><mark style=\"background-color:rgba(0, 0, 0, 0)\" class=\"has-inline-color has-vivid-green-cyan-color\">Matt\u00e9o Robuchon<\/mark><\/strong>.<\/p>\n\n\n\n<p style=\"font-size:22px\"><strong><mark style=\"background-color:rgba(0, 0, 0, 0)\" class=\"has-inline-color has-vivid-green-cyan-color\">Hugo Beaulieu (34eme)<\/mark><\/strong>, <strong><mark style=\"background-color:rgba(0, 0, 0, 0)\" class=\"has-inline-color has-vivid-green-cyan-color\">Rayan Guimpier (31eme) <\/mark><\/strong>et <strong><mark style=\"background-color:rgba(0, 0, 0, 0)\" class=\"has-inline-color has-vivid-green-cyan-color\">Zaccharie Richard (32eme) <\/mark><\/strong>terminent dans un groupe \u00e0 l&rsquo;arri\u00e8re.<\/p>\n\n\n\n<p style=\"font-size:22px\">Compte rendu du papa \u00e0 Tom : \u00ab\u00a0C&rsquo;est une petite cinquantaine de coureurs qui ont pris le d\u00e9part a 10h a Bl\u00e9r\u00e9 sous un grand soleil mais dans la fra\u00eecheur matinale, pour 6 tours de circuit comportant un secteur de chemin blanc de 600 m de long, dont les 400 derniers m en profil montant.<\/p>\n\n\n\n<p style=\"font-size:22px\">Le futur vainqueur Cl\u00e9ment Duval Proutiere de Jou\u00e9 les Tours, d\u00e9j\u00e0 victorieux samedi dernier a Brette les Pins, s&rsquo;est d\u00e9barrass\u00e9 de ses adversaires rapidement et seul Evan Plouhinec parvient \u00e0 rester dans sa roue.<\/p>\n\n\n\n<p style=\"font-size:22px\">Les 2 hommes prennent rapidement une grosse minute d&rsquo;avance sur ce qui reste du peloton qui perd des unit\u00e9s \u00e0 chaque tour. A mi-course, Evan Plouhinec est l\u00e2ch\u00e9 par le futur vainqueur et sera repris par la quinzaine d&rsquo;hommes composant le peloton \u00e0 l&rsquo;entame du dernier tour.\u00a0\u00bb<\/p>\n\n\n\n<p style=\"font-size:22px\">Au sprint pour la 2\u00e8me place, Tom se classera 4\u00e8me et Matt\u00e9o prendra la 7\u00e8me place.<\/p>\n\n\n\n<p style=\"font-size:22px\">Hugo, Ryan et Zaccharie finiront ensemble plus loin au sein d&rsquo;un petit groupe\u00a0\u00bb<\/p>\n\n\n\n<figure class=\"wp-block-gallery has-nested-images columns-default is-cropped wp-block-gallery-4 is-layout-flex wp-block-gallery-is-layout-flex\">\n<figure class=\"wp-block-image size-large\"><img loading=\"lazy\" decoding=\"async\" width=\"577\" height=\"1024\" data-id=\"9992\" src=\"https:\/\/cyclepoitevin86.fr\/wp-content\/uploads\/2026\/03\/O-1-577x1024.jpg\" alt=\"\" class=\"wp-image-9992\" srcset=\"https:\/\/cyclepoitevin86.fr\/wp-content\/uploads\/2026\/03\/O-1-577x1024.jpg 577w, https:\/\/cyclepoitevin86.fr\/wp-content\/uploads\/2026\/03\/O-1-169x300.jpg 169w, https:\/\/cyclepoitevin86.fr\/wp-content\/uploads\/2026\/03\/O-1-768x1364.jpg 768w, https:\/\/cyclepoitevin86.fr\/wp-content\/uploads\/2026\/03\/O-1-865x1536.jpg 865w, https:\/\/cyclepoitevin86.fr\/wp-content\/uploads\/2026\/03\/O-1.jpg 1153w\" sizes=\"auto, (max-width: 577px) 100vw, 577px\" \/><\/figure>\n\n\n\n<figure class=\"wp-block-image size-large\"><img loading=\"lazy\" decoding=\"async\" width=\"1024\" height=\"473\" data-id=\"9990\" src=\"https:\/\/cyclepoitevin86.fr\/wp-content\/uploads\/2026\/03\/P-1024x473.jpg\" alt=\"\" class=\"wp-image-9990\" srcset=\"https:\/\/cyclepoitevin86.fr\/wp-content\/uploads\/2026\/03\/P-1024x473.jpg 1024w, https:\/\/cyclepoitevin86.fr\/wp-content\/uploads\/2026\/03\/P-300x138.jpg 300w, https:\/\/cyclepoitevin86.fr\/wp-content\/uploads\/2026\/03\/P-768x354.jpg 768w, https:\/\/cyclepoitevin86.fr\/wp-content\/uploads\/2026\/03\/P-1536x709.jpg 1536w, https:\/\/cyclepoitevin86.fr\/wp-content\/uploads\/2026\/03\/P-2048x945.jpg 2048w\" sizes=\"auto, (max-width: 1024px) 100vw, 1024px\" \/><\/figure>\n\n\n\n<figure class=\"wp-block-image size-large\"><img loading=\"lazy\" decoding=\"async\" width=\"768\" height=\"1024\" data-id=\"9991\" src=\"https:\/\/cyclepoitevin86.fr\/wp-content\/uploads\/2026\/03\/Q-1-768x1024.jpg\" alt=\"\" class=\"wp-image-9991\" srcset=\"https:\/\/cyclepoitevin86.fr\/wp-content\/uploads\/2026\/03\/Q-1-768x1024.jpg 768w, https:\/\/cyclepoitevin86.fr\/wp-content\/uploads\/2026\/03\/Q-1-225x300.jpg 225w, https:\/\/cyclepoitevin86.fr\/wp-content\/uploads\/2026\/03\/Q-1-1152x1536.jpg 1152w, https:\/\/cyclepoitevin86.fr\/wp-content\/uploads\/2026\/03\/Q-1.jpg 1536w\" sizes=\"auto, (max-width: 768px) 100vw, 768px\" \/><\/figure>\n<\/figure>\n\n\n\n<p style=\"font-size:22px\">Deux jolis pelotons, sur le tr\u00e8s difficile circuit de Confolens (16), ce dimanche 15 mars.<\/p>\n\n\n\n<p style=\"font-size:22px\">Dans l&rsquo;\u00e9preuve r\u00e9serv\u00e9e au Access (les quatre cat\u00e9gories partants ensemble), tr\u00e8s difficile de suivre la physionomie de la course&#8230; Il y avait des coureurs de partout&#8230;<\/p>\n\n\n\n<p style=\"font-size:22px\">Mais au final, chez les access 3, la <strong><mark style=\"background-color:rgba(0, 0, 0, 0)\" class=\"has-inline-color has-vivid-green-cyan-color\">victoire<\/mark><\/strong> revient \u00e0 notre inusable <strong><mark style=\"background-color:rgba(0, 0, 0, 0)\" class=\"has-inline-color has-vivid-green-cyan-color\">Christian Monier<\/mark><\/strong> <img loading=\"lazy\" decoding=\"async\" height=\"16\" width=\"16\" src=\"https:\/\/static.xx.fbcdn.net\/images\/emoji.php\/v9\/tbe\/1\/16\/1f3c6.png\" alt=\"\ud83c\udfc6\"><\/p>\n\n\n\n<p style=\"font-size:22px\">En Access 1, une belle course de <strong><mark style=\"background-color:rgba(0, 0, 0, 0)\" class=\"has-inline-color has-vivid-green-cyan-color\">F\u00e9lix Blicault<\/mark><\/strong>, qui s&rsquo;est bien accroch\u00e9 et qui termine au sein du peloton. Il sera class\u00e9 \u00e0 la <strong><mark style=\"background-color:rgba(0, 0, 0, 0)\" class=\"has-inline-color has-vivid-green-cyan-color\">17eme<\/mark><\/strong> place.<\/p>\n\n\n\n<p style=\"font-size:22px\">Un peu plus en souffrance, <strong><mark style=\"background-color:rgba(0, 0, 0, 0)\" class=\"has-inline-color has-vivid-green-cyan-color\">Roman Ibars<\/mark><\/strong>, termine dans un groupe, en retrait, aux alentours de la<strong><mark style=\"background-color:rgba(0, 0, 0, 0)\" class=\"has-inline-color has-vivid-green-cyan-color\"> 25eme<\/mark><\/strong> place.<\/p>\n\n\n\n<p style=\"font-size:22px\">Chez les Open 1\/2\/3, une course de moelleux qui s&rsquo;est disput\u00e9e \u00e0 tr\u00e8s vive allure, pr\u00e8s de 42 km\/h de moyenne. Mais finalement c&rsquo;est un peu le ton groupe et qui se disputera la victoire, qui reviendra \u00e0 Guillaume Gerbaud devant notre ancien \u00ab\u00a0Vert et Jaune\u00a0\u00bb Lo\u00efs Chambon.<\/p>\n\n\n\n<p style=\"font-size:22px\">Dans le dur toute la course, <strong><mark style=\"background-color:rgba(0, 0, 0, 0)\" class=\"has-inline-color has-vivid-green-cyan-color\">Paul Grimal<\/mark><\/strong> s&rsquo;accroche au <strong><mark style=\"background-color:rgba(0, 0, 0, 0)\" class=\"has-inline-color has-vivid-green-cyan-color\">peloton<\/mark><\/strong> jusque dans le dernier tour o\u00f9 il termine en mode r\u00e9cup\u00e9ration<\/p>\n\n\n\n<figure class=\"wp-block-gallery has-nested-images columns-default is-cropped wp-block-gallery-5 is-layout-flex wp-block-gallery-is-layout-flex\">\n<figure class=\"wp-block-image size-large\"><img loading=\"lazy\" decoding=\"async\" width=\"1024\" height=\"768\" data-id=\"9994\" src=\"https:\/\/cyclepoitevin86.fr\/wp-content\/uploads\/2026\/03\/R-1024x768.jpg\" alt=\"\" class=\"wp-image-9994\" srcset=\"https:\/\/cyclepoitevin86.fr\/wp-content\/uploads\/2026\/03\/R-1024x768.jpg 1024w, https:\/\/cyclepoitevin86.fr\/wp-content\/uploads\/2026\/03\/R-300x225.jpg 300w, https:\/\/cyclepoitevin86.fr\/wp-content\/uploads\/2026\/03\/R-768x576.jpg 768w, https:\/\/cyclepoitevin86.fr\/wp-content\/uploads\/2026\/03\/R-1536x1152.jpg 1536w, https:\/\/cyclepoitevin86.fr\/wp-content\/uploads\/2026\/03\/R.jpg 2048w\" sizes=\"auto, (max-width: 1024px) 100vw, 1024px\" \/><\/figure>\n\n\n\n<figure class=\"wp-block-image size-large\"><img loading=\"lazy\" decoding=\"async\" width=\"1024\" height=\"768\" data-id=\"9997\" src=\"https:\/\/cyclepoitevin86.fr\/wp-content\/uploads\/2026\/03\/S-1-1024x768.jpg\" alt=\"\" class=\"wp-image-9997\" srcset=\"https:\/\/cyclepoitevin86.fr\/wp-content\/uploads\/2026\/03\/S-1-1024x768.jpg 1024w, https:\/\/cyclepoitevin86.fr\/wp-content\/uploads\/2026\/03\/S-1-300x225.jpg 300w, https:\/\/cyclepoitevin86.fr\/wp-content\/uploads\/2026\/03\/S-1-768x576.jpg 768w, https:\/\/cyclepoitevin86.fr\/wp-content\/uploads\/2026\/03\/S-1-1536x1152.jpg 1536w, https:\/\/cyclepoitevin86.fr\/wp-content\/uploads\/2026\/03\/S-1.jpg 2048w\" sizes=\"auto, (max-width: 1024px) 100vw, 1024px\" \/><\/figure>\n\n\n\n<figure class=\"wp-block-image size-large\"><img loading=\"lazy\" decoding=\"async\" width=\"1024\" height=\"768\" data-id=\"9998\" src=\"https:\/\/cyclepoitevin86.fr\/wp-content\/uploads\/2026\/03\/T-1-1024x768.jpg\" alt=\"\" class=\"wp-image-9998\" srcset=\"https:\/\/cyclepoitevin86.fr\/wp-content\/uploads\/2026\/03\/T-1-1024x768.jpg 1024w, https:\/\/cyclepoitevin86.fr\/wp-content\/uploads\/2026\/03\/T-1-300x225.jpg 300w, https:\/\/cyclepoitevin86.fr\/wp-content\/uploads\/2026\/03\/T-1-768x576.jpg 768w, https:\/\/cyclepoitevin86.fr\/wp-content\/uploads\/2026\/03\/T-1-1536x1152.jpg 1536w, https:\/\/cyclepoitevin86.fr\/wp-content\/uploads\/2026\/03\/T-1.jpg 2048w\" sizes=\"auto, (max-width: 1024px) 100vw, 1024px\" \/><\/figure>\n\n\n\n<figure class=\"wp-block-image size-large\"><img loading=\"lazy\" decoding=\"async\" width=\"1024\" height=\"768\" data-id=\"9995\" src=\"https:\/\/cyclepoitevin86.fr\/wp-content\/uploads\/2026\/03\/U-1-1024x768.jpg\" alt=\"\" class=\"wp-image-9995\" srcset=\"https:\/\/cyclepoitevin86.fr\/wp-content\/uploads\/2026\/03\/U-1-1024x768.jpg 1024w, https:\/\/cyclepoitevin86.fr\/wp-content\/uploads\/2026\/03\/U-1-300x225.jpg 300w, https:\/\/cyclepoitevin86.fr\/wp-content\/uploads\/2026\/03\/U-1-768x576.jpg 768w, https:\/\/cyclepoitevin86.fr\/wp-content\/uploads\/2026\/03\/U-1-1536x1152.jpg 1536w, https:\/\/cyclepoitevin86.fr\/wp-content\/uploads\/2026\/03\/U-1.jpg 2048w\" sizes=\"auto, (max-width: 1024px) 100vw, 1024px\" \/><\/figure>\n\n\n\n<figure class=\"wp-block-image size-large\"><img loading=\"lazy\" decoding=\"async\" width=\"1024\" height=\"768\" data-id=\"9999\" src=\"https:\/\/cyclepoitevin86.fr\/wp-content\/uploads\/2026\/03\/V-1-1024x768.jpg\" alt=\"\" class=\"wp-image-9999\" srcset=\"https:\/\/cyclepoitevin86.fr\/wp-content\/uploads\/2026\/03\/V-1-1024x768.jpg 1024w, https:\/\/cyclepoitevin86.fr\/wp-content\/uploads\/2026\/03\/V-1-300x225.jpg 300w, https:\/\/cyclepoitevin86.fr\/wp-content\/uploads\/2026\/03\/V-1-768x576.jpg 768w, https:\/\/cyclepoitevin86.fr\/wp-content\/uploads\/2026\/03\/V-1-1536x1152.jpg 1536w, https:\/\/cyclepoitevin86.fr\/wp-content\/uploads\/2026\/03\/V-1.jpg 2048w\" sizes=\"auto, (max-width: 1024px) 100vw, 1024px\" \/><\/figure>\n\n\n\n<figure class=\"wp-block-image size-large\"><img loading=\"lazy\" decoding=\"async\" width=\"868\" height=\"1024\" data-id=\"9993\" src=\"https:\/\/cyclepoitevin86.fr\/wp-content\/uploads\/2026\/03\/W-868x1024.jpg\" alt=\"\" class=\"wp-image-9993\" srcset=\"https:\/\/cyclepoitevin86.fr\/wp-content\/uploads\/2026\/03\/W-868x1024.jpg 868w, https:\/\/cyclepoitevin86.fr\/wp-content\/uploads\/2026\/03\/W-254x300.jpg 254w, https:\/\/cyclepoitevin86.fr\/wp-content\/uploads\/2026\/03\/W-768x906.jpg 768w, https:\/\/cyclepoitevin86.fr\/wp-content\/uploads\/2026\/03\/W.jpg 1162w\" sizes=\"auto, (max-width: 868px) 100vw, 868px\" \/><\/figure>\n\n\n\n<figure class=\"wp-block-image size-large\"><img loading=\"lazy\" decoding=\"async\" width=\"768\" height=\"1024\" data-id=\"10000\" src=\"https:\/\/cyclepoitevin86.fr\/wp-content\/uploads\/2026\/03\/X-768x1024.jpg\" alt=\"\" class=\"wp-image-10000\" srcset=\"https:\/\/cyclepoitevin86.fr\/wp-content\/uploads\/2026\/03\/X-768x1024.jpg 768w, https:\/\/cyclepoitevin86.fr\/wp-content\/uploads\/2026\/03\/X-225x300.jpg 225w, https:\/\/cyclepoitevin86.fr\/wp-content\/uploads\/2026\/03\/X-1152x1536.jpg 1152w, https:\/\/cyclepoitevin86.fr\/wp-content\/uploads\/2026\/03\/X.jpg 1536w\" sizes=\"auto, (max-width: 768px) 100vw, 768px\" \/><\/figure>\n\n\n\n<figure class=\"wp-block-image size-large\"><img loading=\"lazy\" decoding=\"async\" width=\"768\" height=\"1024\" data-id=\"9996\" src=\"https:\/\/cyclepoitevin86.fr\/wp-content\/uploads\/2026\/03\/Y-768x1024.jpg\" alt=\"\" class=\"wp-image-9996\" srcset=\"https:\/\/cyclepoitevin86.fr\/wp-content\/uploads\/2026\/03\/Y-768x1024.jpg 768w, https:\/\/cyclepoitevin86.fr\/wp-content\/uploads\/2026\/03\/Y-225x300.jpg 225w, https:\/\/cyclepoitevin86.fr\/wp-content\/uploads\/2026\/03\/Y-1152x1536.jpg 1152w, https:\/\/cyclepoitevin86.fr\/wp-content\/uploads\/2026\/03\/Y.jpg 1536w\" sizes=\"auto, (max-width: 768px) 100vw, 768px\" \/><\/figure>\n<\/figure>\n","protected":false},"excerpt":{"rendered":"<p>Les premiers r\u00e9sultats du weekend sont \u00e0 mettre \u00e0 l&rsquo;actif des coureurs de la section UFOLEP. A Ling\u00e9 (36), proche des \u00e9tangs de la Brenne, donc sur un circuit plut\u00f4t roulant Victoire de Arnaud DEMUTH c&rsquo;est les 2e cat\u00e9gorie 2eme place pour Patrick BONNET, en 4e cat\u00e9gorie Pour nos coureurs FFC, trois d&rsquo;entre eux se [&hellip;]<\/p>\n","protected":false},"author":1,"featured_media":0,"comment_status":"closed","ping_status":"","sticky":false,"template":"","format":"standard","meta":{"footnotes":""},"categories":[1],"tags":[],"class_list":["post-9956","post","type-post","status-publish","format-standard","hentry","category-non-classe"],"_links":{"self":[{"href":"https:\/\/cyclepoitevin86.fr\/index.php\/wp-json\/wp\/v2\/posts\/9956","targetHints":{"allow":["GET"]}}],"collection":[{"href":"https:\/\/cyclepoitevin86.fr\/index.php\/wp-json\/wp\/v2\/posts"}],"about":[{"href":"https:\/\/cyclepoitevin86.fr\/index.php\/wp-json\/wp\/v2\/types\/post"}],"author":[{"embeddable":true,"href":"https:\/\/cyclepoitevin86.fr\/index.php\/wp-json\/wp\/v2\/users\/1"}],"replies":[{"embeddable":true,"href":"https:\/\/cyclepoitevin86.fr\/index.php\/wp-json\/wp\/v2\/comments?post=9956"}],"version-history":[{"count":7,"href":"https:\/\/cyclepoitevin86.fr\/index.php\/wp-json\/wp\/v2\/posts\/9956\/revisions"}],"predecessor-version":[{"id":10001,"href":"https:\/\/cyclepoitevin86.fr\/index.php\/wp-json\/wp\/v2\/posts\/9956\/revisions\/10001"}],"wp:attachment":[{"href":"https:\/\/cyclepoitevin86.fr\/index.php\/wp-json\/wp\/v2\/media?parent=9956"}],"wp:term":[{"taxonomy":"category","embeddable":true,"href":"https:\/\/cyclepoitevin86.fr\/index.php\/wp-json\/wp\/v2\/categories?post=9956"},{"taxonomy":"post_tag","embeddable":true,"href":"https:\/\/cyclepoitevin86.fr\/index.php\/wp-json\/wp\/v2\/tags?post=9956"}],"curies":[{"name":"wp","href":"https:\/\/api.w.org\/{rel}","templated":true}]}}