{"id":11125,"date":"2026-09-05T19:51:14","date_gmt":"2026-09-05T17:51:14","guid":{"rendered":"https:\/\/cyclepoitevin86.fr\/?p=11125"},"modified":"2026-09-05T19:51:14","modified_gmt":"2026-09-05T17:51:14","slug":"championnat-departemental-chrono","status":"publish","type":"post","link":"https:\/\/cyclepoitevin86.fr\/index.php\/2026\/09\/05\/championnat-departemental-chrono\/","title":{"rendered":"Championnat D\u00e9partemental Chrono"},"content":{"rendered":"\n<p class=\"wp-block-paragraph\" style=\"font-size:22px\">Ce samedi 5 septembre c&rsquo;est \u00e0 Saint-Sauveur \u00e0 l&rsquo;occasion du 24e chrono Ch\u00e2tellerault des que se disputaient les championnats d\u00e9partementaux de la Vienne du contre-la-montre.<\/p>\n\n\n\n<p class=\"wp-block-paragraph\" style=\"font-size:22px\">De bons r\u00e9sultats pour nos coureurs puisqu&rsquo;ils ram\u00e8nent trois titres d\u00e9partementaux<\/p>\n\n\n\n<p class=\"wp-block-paragraph\" style=\"font-size:22px\">1er Open : Romain Gireme <img loading=\"lazy\" decoding=\"async\" height=\"16\" width=\"16\" alt=\"\ud83c\udfc6\" src=\"https:\/\/static.xx.fbcdn.net\/images\/emoji.php\/v9\/tbe\/1\/16\/1f3c6.png\"><\/p>\n\n\n\n<p class=\"wp-block-paragraph\" style=\"font-size:22px\">3eme Access 1-2 : Christian Monier <img loading=\"lazy\" decoding=\"async\" height=\"16\" width=\"16\" alt=\"\ud83e\udd49\" src=\"https:\/\/static.xx.fbcdn.net\/images\/emoji.php\/v9\/t96\/1\/16\/1f949.png\"><\/p>\n\n\n\n<p class=\"wp-block-paragraph\" style=\"font-size:22px\">3eme Access 3-4 : Fran\u00e7ois Raimond <img loading=\"lazy\" decoding=\"async\" height=\"16\" width=\"16\" alt=\"\ud83e\udd49\" src=\"https:\/\/static.xx.fbcdn.net\/images\/emoji.php\/v9\/t96\/1\/16\/1f949.png\"><\/p>\n\n\n\n<p class=\"wp-block-paragraph\" style=\"font-size:22px\">2eme Dames : Juline Raimond <img loading=\"lazy\" decoding=\"async\" height=\"16\" width=\"16\" alt=\"\ud83e\udd48\" src=\"https:\/\/static.xx.fbcdn.net\/images\/emoji.php\/v9\/t15\/1\/16\/1f948.png\"> (pas de podium officiel car pas assez de f\u00e9minines au d\u00e9part)<\/p>\n\n\n\n<p class=\"wp-block-paragraph\" style=\"font-size:22px\">1er U19 : Jules Gaschet <img loading=\"lazy\" decoding=\"async\" height=\"16\" width=\"16\" alt=\"\ud83c\udfc6\" src=\"https:\/\/static.xx.fbcdn.net\/images\/emoji.php\/v9\/tbe\/1\/16\/1f3c6.png\"><\/p>\n\n\n\n<p class=\"wp-block-paragraph\" style=\"font-size:22px\">2eme U19 : Robin Grimal <img loading=\"lazy\" decoding=\"async\" height=\"16\" width=\"16\" alt=\"\ud83e\udd48\" src=\"https:\/\/static.xx.fbcdn.net\/images\/emoji.php\/v9\/t15\/1\/16\/1f948.png\"><\/p>\n\n\n\n<p class=\"wp-block-paragraph\" style=\"font-size:22px\">4eme U19 : F\u00e9lix Blicault <img loading=\"lazy\" decoding=\"async\" height=\"16\" width=\"16\" alt=\"\ud83c\udf6b\" src=\"https:\/\/static.xx.fbcdn.net\/images\/emoji.php\/v9\/tf7\/1\/16\/1f36b.png\"><\/p>\n\n\n\n<p class=\"wp-block-paragraph\" style=\"font-size:22px\">4eme U17 : Tom Chollet <img loading=\"lazy\" decoding=\"async\" height=\"16\" width=\"16\" alt=\"\ud83c\udf6b\" src=\"https:\/\/static.xx.fbcdn.net\/images\/emoji.php\/v9\/tf7\/1\/16\/1f36b.png\"><\/p>\n\n\n\n<p class=\"wp-block-paragraph\" style=\"font-size:22px\">5eme U17 : Matteo Robuchon<\/p>\n\n\n\n<p class=\"wp-block-paragraph\" style=\"font-size:22px\">7eme U17 : Hugo Beaulieu<\/p>\n\n\n\n<p class=\"wp-block-paragraph\" style=\"font-size:22px\">8eme U17 : Alexandre Marx Orda<\/p>\n\n\n\n<p class=\"wp-block-paragraph\" style=\"font-size:22px\">9eme U17 : Dimitri Brimaud<\/p>\n\n\n\n<p class=\"wp-block-paragraph\" style=\"font-size:22px\">11eme U17 : Yannis Texier<\/p>\n\n\n\n<p class=\"wp-block-paragraph\" style=\"font-size:22px\">1ere Dames U15\/U17 : Elyne Legeron <img loading=\"lazy\" decoding=\"async\" height=\"16\" width=\"16\" alt=\"\ud83c\udfc6\" src=\"https:\/\/static.xx.fbcdn.net\/images\/emoji.php\/v9\/tbe\/1\/16\/1f3c6.png\"><\/p>\n\n\n\n<p class=\"wp-block-paragraph\" style=\"font-size:22px\">5eme U15 : Ettor\u00e9 Bichaud<\/p>\n\n\n\n<p class=\"wp-block-paragraph\" style=\"font-size:22px\">9eme U15 : Clovis Blicault<\/p>\n\n\n\n<figure class=\"wp-block-gallery has-nested-images columns-default is-cropped wp-block-gallery-1 is-layout-flex wp-block-gallery-is-layout-flex\">\n<figure class=\"wp-block-image size-large\"><img loading=\"lazy\" decoding=\"async\" width=\"768\" height=\"1024\" data-id=\"11126\" src=\"https:\/\/cyclepoitevin86.fr\/wp-content\/uploads\/2026\/09\/V-768x1024-1.jpg\" alt=\"\" class=\"wp-image-11126\" srcset=\"https:\/\/cyclepoitevin86.fr\/wp-content\/uploads\/2026\/09\/V-768x1024-1.jpg 768w, https:\/\/cyclepoitevin86.fr\/wp-content\/uploads\/2026\/09\/V-225x300.jpg 225w, https:\/\/cyclepoitevin86.fr\/wp-content\/uploads\/2026\/09\/V-1152x1536.jpg 1152w, https:\/\/cyclepoitevin86.fr\/wp-content\/uploads\/2026\/09\/V.jpg 1536w\" sizes=\"auto, (max-width: 768px) 100vw, 768px\" \/><\/figure>\n\n\n\n<figure class=\"wp-block-image size-large\"><img loading=\"lazy\" decoding=\"async\" width=\"768\" height=\"1024\" data-id=\"11130\" src=\"https:\/\/cyclepoitevin86.fr\/wp-content\/uploads\/2026\/09\/U-768x1024-1.jpg\" alt=\"\" class=\"wp-image-11130\" srcset=\"https:\/\/cyclepoitevin86.fr\/wp-content\/uploads\/2026\/09\/U-768x1024-1.jpg 768w, https:\/\/cyclepoitevin86.fr\/wp-content\/uploads\/2026\/09\/U-225x300.jpg 225w, https:\/\/cyclepoitevin86.fr\/wp-content\/uploads\/2026\/09\/U-1152x1536.jpg 1152w, https:\/\/cyclepoitevin86.fr\/wp-content\/uploads\/2026\/09\/U.jpg 1536w\" sizes=\"auto, (max-width: 768px) 100vw, 768px\" \/><\/figure>\n\n\n\n<figure class=\"wp-block-image size-large\"><img loading=\"lazy\" decoding=\"async\" width=\"768\" height=\"1024\" data-id=\"11127\" src=\"https:\/\/cyclepoitevin86.fr\/wp-content\/uploads\/2026\/09\/W-768x1024-1.jpg\" alt=\"\" class=\"wp-image-11127\" srcset=\"https:\/\/cyclepoitevin86.fr\/wp-content\/uploads\/2026\/09\/W-768x1024-1.jpg 768w, https:\/\/cyclepoitevin86.fr\/wp-content\/uploads\/2026\/09\/W-225x300.jpg 225w, https:\/\/cyclepoitevin86.fr\/wp-content\/uploads\/2026\/09\/W-1152x1536.jpg 1152w, https:\/\/cyclepoitevin86.fr\/wp-content\/uploads\/2026\/09\/W.jpg 1440w\" sizes=\"auto, (max-width: 768px) 100vw, 768px\" \/><\/figure>\n\n\n\n<figure class=\"wp-block-image size-large\"><img loading=\"lazy\" decoding=\"async\" width=\"768\" height=\"1024\" data-id=\"11128\" src=\"https:\/\/cyclepoitevin86.fr\/wp-content\/uploads\/2026\/09\/S-768x1024-1.jpg\" alt=\"\" class=\"wp-image-11128\" srcset=\"https:\/\/cyclepoitevin86.fr\/wp-content\/uploads\/2026\/09\/S-768x1024-1.jpg 768w, https:\/\/cyclepoitevin86.fr\/wp-content\/uploads\/2026\/09\/S-225x300.jpg 225w, https:\/\/cyclepoitevin86.fr\/wp-content\/uploads\/2026\/09\/S-1152x1536.jpg 1152w, https:\/\/cyclepoitevin86.fr\/wp-content\/uploads\/2026\/09\/S.jpg 1536w\" sizes=\"auto, (max-width: 768px) 100vw, 768px\" \/><\/figure>\n\n\n\n<figure class=\"wp-block-image size-large\"><img loading=\"lazy\" decoding=\"async\" width=\"768\" height=\"1024\" data-id=\"11129\" src=\"https:\/\/cyclepoitevin86.fr\/wp-content\/uploads\/2026\/09\/T-768x1024-1.jpg\" alt=\"\" class=\"wp-image-11129\" srcset=\"https:\/\/cyclepoitevin86.fr\/wp-content\/uploads\/2026\/09\/T-768x1024-1.jpg 768w, https:\/\/cyclepoitevin86.fr\/wp-content\/uploads\/2026\/09\/T-225x300.jpg 225w, https:\/\/cyclepoitevin86.fr\/wp-content\/uploads\/2026\/09\/T-1152x1536.jpg 1152w, https:\/\/cyclepoitevin86.fr\/wp-content\/uploads\/2026\/09\/T.jpg 1536w\" sizes=\"auto, (max-width: 768px) 100vw, 768px\" \/><\/figure>\n<\/figure>\n","protected":false},"excerpt":{"rendered":"<p>Ce samedi 5 septembre c&rsquo;est \u00e0 Saint-Sauveur \u00e0 l&rsquo;occasion du 24e chrono Ch\u00e2tellerault des que se disputaient les championnats d\u00e9partementaux de la Vienne du contre-la-montre. De bons r\u00e9sultats pour nos coureurs puisqu&rsquo;ils ram\u00e8nent trois titres d\u00e9partementaux 1er Open : Romain Gireme 3eme Access 1-2 : Christian Monier 3eme Access 3-4 : Fran\u00e7ois Raimond 2eme Dames [&hellip;]<\/p>\n","protected":false},"author":1,"featured_media":0,"comment_status":"closed","ping_status":"","sticky":false,"template":"","format":"standard","meta":{"footnotes":""},"categories":[1],"tags":[],"class_list":["post-11125","post","type-post","status-publish","format-standard","hentry","category-non-classe"],"_links":{"self":[{"href":"https:\/\/cyclepoitevin86.fr\/index.php\/wp-json\/wp\/v2\/posts\/11125","targetHints":{"allow":["GET"]}}],"collection":[{"href":"https:\/\/cyclepoitevin86.fr\/index.php\/wp-json\/wp\/v2\/posts"}],"about":[{"href":"https:\/\/cyclepoitevin86.fr\/index.php\/wp-json\/wp\/v2\/types\/post"}],"author":[{"embeddable":true,"href":"https:\/\/cyclepoitevin86.fr\/index.php\/wp-json\/wp\/v2\/users\/1"}],"replies":[{"embeddable":true,"href":"https:\/\/cyclepoitevin86.fr\/index.php\/wp-json\/wp\/v2\/comments?post=11125"}],"version-history":[{"count":1,"href":"https:\/\/cyclepoitevin86.fr\/index.php\/wp-json\/wp\/v2\/posts\/11125\/revisions"}],"predecessor-version":[{"id":11131,"href":"https:\/\/cyclepoitevin86.fr\/index.php\/wp-json\/wp\/v2\/posts\/11125\/revisions\/11131"}],"wp:attachment":[{"href":"https:\/\/cyclepoitevin86.fr\/index.php\/wp-json\/wp\/v2\/media?parent=11125"}],"wp:term":[{"taxonomy":"category","embeddable":true,"href":"https:\/\/cyclepoitevin86.fr\/index.php\/wp-json\/wp\/v2\/categories?post=11125"},{"taxonomy":"post_tag","embeddable":true,"href":"https:\/\/cyclepoitevin86.fr\/index.php\/wp-json\/wp\/v2\/tags?post=11125"}],"curies":[{"name":"wp","href":"https:\/\/api.w.org\/{rel}","templated":true}]}}